{"id":1476,"date":"2025-05-12T17:21:04","date_gmt":"2025-05-12T15:21:04","guid":{"rendered":"https:\/\/protecthumanitarians.org\/?p=1476"},"modified":"2025-05-12T17:33:00","modified_gmt":"2025-05-12T15:33:00","slug":"protect-humanitarians-signe-un-protocole-de-cooperation-avec-lalliance-des-organisations-de-la-societe-civile-ukrainienne","status":"publish","type":"post","link":"https:\/\/protecthumanitarians.org\/fr\/protect-humanitarians-signe-un-protocole-de-cooperation-avec-lalliance-des-organisations-de-la-societe-civile-ukrainienne\/","title":{"rendered":"Protect Humanitarians signe un protocole de coop\u00e9ration avec l\u2019Alliance des organisations de la soci\u00e9t\u00e9 civile ukrainienne"},"content":{"rendered":"<p style=\"text-align: justify;\">Protect Humanitarians a sign\u00e9 un protocole de coop\u00e9ration (MoC, pour Memorandum of Cooperation) avec l\u2019<a href=\"https:\/\/allianceuacso.com\/home\" target=\"_blank\" rel=\"noopener noreferrer nofollow\">Alliance des organisations de la soci\u00e9t\u00e9 civile (OSC) ukrainiennes<\/a>, marquant une \u00e9tape cl\u00e9 dans le renforcement de la protection et du soutien aux travailleurs humanitaires de premi\u00e8re ligne en Ukraine.<\/p>\n<p style=\"text-align: justify;\">Fond\u00e9 sur l\u2019\u00e9galit\u00e9 et le respect mutuel, ce partenariat refl\u00e8te un engagement commun \u00e0 promouvoir le devoir de diligence (Duty of Care) envers le personnel humanitaire, en Ukraine et au-del\u00e0. Conform\u00e9ment \u00e0 l\u2019agenda de localisation du secteur humanitaire, il met en valeur le r\u00f4le essentiel des acteurs locaux et encourage l\u2019\u00e9change r\u00e9ciproque de connaissances et de bonnes pratiques. L\u2019objectif est d\u2019\u00e9tablir des normes de protection plus efficaces, inclusives et durables pour celles et ceux qui interviennent sur le terrain. Le protocole a \u00e9t\u00e9 officiellement sign\u00e9 lors de l\u2019\u00e9v\u00e9nement intitul\u00e9 \u00ab Renforcer la localisation en Ukraine pour une r\u00e9silience \u00e0 long terme \u00bb, tenu au Parlement europ\u00e9en \u00e0 Bruxelles.<\/p>\n<p style=\"text-align: justify;\"><img loading=\"lazy\" decoding=\"async\" class=\" wp-image-1472 aligncenter\" src=\"https:\/\/protecthumanitarians.org\/wp-content\/uploads\/2025\/05\/MilaOV-300x200.jpg\" alt=\"\" width=\"399\" height=\"266\" srcset=\"https:\/\/protecthumanitarians.org\/wp-content\/uploads\/2025\/05\/MilaOV-300x200.jpg 300w, https:\/\/protecthumanitarians.org\/wp-content\/uploads\/2025\/05\/MilaOV-1024x683.jpg 1024w, https:\/\/protecthumanitarians.org\/wp-content\/uploads\/2025\/05\/MilaOV-768x512.jpg 768w, https:\/\/protecthumanitarians.org\/wp-content\/uploads\/2025\/05\/MilaOV-1536x1024.jpg 1536w, https:\/\/protecthumanitarians.org\/wp-content\/uploads\/2025\/05\/MilaOV-2048x1365.jpg 2048w\" sizes=\"auto, (max-width: 399px) 100vw, 399px\" \/><br \/>\nCe partenariat intervient \u00e0 un moment critique. Entre 2023 et 2024, l\u2019Ukraine a enregistr\u00e9 une hausse de 28,5 % des victimes parmi les humanitaires, dont une augmentation de 38,8 % des d\u00e9c\u00e8s parmi les travailleurs ukrainiens. En 2023, 28 travailleurs humanitaires ont \u00e9t\u00e9 touch\u00e9s par des violences : 6 ont \u00e9t\u00e9 tu\u00e9s et 22 bless\u00e9s. En 2024, le bilan s\u2019est aggrav\u00e9 : 36 travailleurs ont \u00e9t\u00e9 vis\u00e9s, dont 13 tu\u00e9s et 23 bless\u00e9s, selon les donn\u00e9es de la base de donn\u00e9es sur la s\u00e9curit\u00e9 des travailleurs humanitaires (<a href=\"https:\/\/www.aidworkersecurity.org\/\" target=\"_blank\" rel=\"noopener noreferrer nofollow\">Aid Worker Security Database<\/a>, AWSD).<\/p>\n<p style=\"text-align: justify;\"><strong>\u00c0 travers cette collaboration, Protect Humanitarians et l\u2019Alliance des OSC ukrainiennes s\u2019engagent \u00e0<\/strong> :<\/p>\n<p>&#8211; Renforcer les m\u00e9canismes de devoir de diligence pour les ONG nationales, les OSC et les travailleurs humanitaires ukrainiens de premi\u00e8re ligne ;<br \/>\n&#8211; Mobiliser davantage d\u2019expertise, de ressources et de soutien face \u00e0 l\u2019intensification des risques ;<br \/>\n&#8211; Consolider les efforts de plaidoyer aux niveaux national et international pour promouvoir la protection du personnel humanitaire et faire respecter le droit international humanitaire (DIH).<\/p>\n<p><strong>Le partenariat couvre les domaines de coop\u00e9ration suivants<\/strong>:<\/p>\n<p>1. Partage des bonnes pratiques et de l\u2019expertise en mati\u00e8re de protection et de soutien psychosocial et de sant\u00e9 mentale (MHPSS, Mental Health and Psychosocial Support) pour les travailleurs humanitaires ;<br \/>\n2. Appui technique au d\u00e9veloppement du cadre national ukrainien relatif au devoir de diligence ;<br \/>\n3. Campagnes de sensibilisation \u00e0 l\u2019importance du devoir de diligence en Ukraine et \u00e0 l\u2019\u00e9chelle mondiale, avec un accent particulier sur le MHPSS ;<br \/>\n4. \u00c9laboration conjointe de recommandations strat\u00e9giques et politiques pour am\u00e9liorer la protection du personnel humanitaire ;<br \/>\n5. Organisation d\u2019initiatives p\u00e9dagogiques, telles que des formations et des s\u00e9minaires sur le devoir de diligence et la protection des humanitaires ;<br \/>\n6. Plaidoyer commun, incluant la collecte et la valorisation de t\u00e9moignages de terrain de travailleurs d\u2019OSC et d\u2019ONG ukrainiennes engag\u00e9s dans l\u2019aide humanitaire.<\/p>\n<p style=\"text-align: justify;\">Ce protocole constitue une avanc\u00e9e pr\u00e9cieuse et opportune pour prot\u00e9ger celles et ceux qui \u0153uvrent dans les conditions les plus p\u00e9rilleuses, en veillant \u00e0 ce que leur sant\u00e9 mentale, leur s\u00e9curit\u00e9 et leurs droits juridiques soient pleinement reconnus et prot\u00e9g\u00e9s.<\/p>\n<p><em><img loading=\"lazy\" decoding=\"async\" class=\" wp-image-1285 alignleft\" src=\"https:\/\/protecthumanitarians.org\/wp-content\/uploads\/2025\/04\/Mila-Leonova-e1743587900952-293x300.jpg\" alt=\"\" width=\"229\" height=\"234\" srcset=\"https:\/\/protecthumanitarians.org\/wp-content\/uploads\/2025\/04\/Mila-Leonova-e1743587900952-293x300.jpg 293w, https:\/\/protecthumanitarians.org\/wp-content\/uploads\/2025\/04\/Mila-Leonova-e1743587900952-768x786.jpg 768w, https:\/\/protecthumanitarians.org\/wp-content\/uploads\/2025\/04\/Mila-Leonova-e1743587900952.jpg 853w\" sizes=\"auto, (max-width: 229px) 100vw, 229px\" \/><\/em><\/p>\n<p><em>\u00ab Nous sommes tous humanitaires \u2013 ukrainiens et internationaux \u2013 unis par la dignit\u00e9. Ce protocole repr\u00e9sente une occasion essentielle d\u2019\u00e9changer savoirs et exp\u00e9riences, en favorisant la coop\u00e9ration et la croissance mutuelle. \u00bb<\/em><\/p>\n<p style=\"text-align: left;\"><strong>Mila Leonova<\/strong>, Directrice de l\u2019Alliance des OSC ukrainiennes<\/p>\n<p>&nbsp;<\/p>\n<p><em><img loading=\"lazy\" decoding=\"async\" class=\"alignright wp-image-1515 size-medium\" src=\"https:\/\/protecthumanitarians.org\/wp-content\/uploads\/2025\/05\/PHOTO-2025-05-12-09-07-21-e1747034956294-284x300.jpg\" alt=\"\" width=\"284\" height=\"300\" srcset=\"https:\/\/protecthumanitarians.org\/wp-content\/uploads\/2025\/05\/PHOTO-2025-05-12-09-07-21-e1747034956294-284x300.jpg 284w, https:\/\/protecthumanitarians.org\/wp-content\/uploads\/2025\/05\/PHOTO-2025-05-12-09-07-21-e1747034956294-968x1024.jpg 968w, https:\/\/protecthumanitarians.org\/wp-content\/uploads\/2025\/05\/PHOTO-2025-05-12-09-07-21-e1747034956294-768x812.jpg 768w, https:\/\/protecthumanitarians.org\/wp-content\/uploads\/2025\/05\/PHOTO-2025-05-12-09-07-21-e1747034956294.jpg 1165w\" sizes=\"auto, (max-width: 284px) 100vw, 284px\" \/><\/em><\/p>\n<p style=\"text-align: right;\"><em>\u00ab Les membres des missions humanitaires et les b\u00e9n\u00e9voles qui interviennent en Ukraine ont besoin d\u2019un soutien psychologique solide, ainsi que d\u2019une r\u00e9habilitation mentale apr\u00e8s leur passage dans les zones de combats actifs. \u00bb<\/em><\/p>\n<p style=\"text-align: right;\"><strong>Vladyslava Zomarieva<\/strong>, Directrice adjointe de l\u2019ONG ukrainienne <a href=\"https:\/\/proliska.org\/about-the-humanitarian-mission-2\/\" target=\"_blank\" rel=\"noopener noreferrer nofollow\">PROLISKA<\/a><\/p>\n<p>&nbsp;<\/p>\n<p>&nbsp;<\/p>\n<p><img loading=\"lazy\" decoding=\"async\" class=\"wp-image-1288 alignleft\" src=\"https:\/\/protecthumanitarians.org\/wp-content\/uploads\/2025\/04\/BXL_ProtectHumanitarians_18-294x300.jpg\" alt=\"\" width=\"246\" height=\"251\" srcset=\"https:\/\/protecthumanitarians.org\/wp-content\/uploads\/2025\/04\/BXL_ProtectHumanitarians_18-294x300.jpg 294w, https:\/\/protecthumanitarians.org\/wp-content\/uploads\/2025\/04\/BXL_ProtectHumanitarians_18-1005x1024.jpg 1005w, https:\/\/protecthumanitarians.org\/wp-content\/uploads\/2025\/04\/BXL_ProtectHumanitarians_18-768x782.jpg 768w, https:\/\/protecthumanitarians.org\/wp-content\/uploads\/2025\/04\/BXL_ProtectHumanitarians_18-1508x1536.jpg 1508w, https:\/\/protecthumanitarians.org\/wp-content\/uploads\/2025\/04\/BXL_ProtectHumanitarians_18-2010x2048.jpg 2010w\" sizes=\"auto, (max-width: 246px) 100vw, 246px\" \/><\/p>\n<p style=\"text-align: left;\"><em>\u00ab L\u2019Ukraine est l\u2019un des contextes les plus critiques o\u00f9 les humanitaires ont besoin d\u2019une protection, de soins et d\u2019un soutien renforc\u00e9s. Nous devons intensifier les efforts et \u00e9largir l\u2019acc\u00e8s aux m\u00e9canismes de protection, y compris \u00e0 une couverture d\u2019assurance ad\u00e9quate et \u00e0 des services de sant\u00e9 mentale. \u00bb<\/em><\/p>\n<p style=\"text-align: left;\"><strong>Olivier Vandecasteele<\/strong>, Fondateur et Directeur de Protect Humanitarians<\/p>\n","protected":false},"excerpt":{"rendered":"<p>Protect Humanitarians a sign\u00e9 un protocole de coop\u00e9ration (MoC, pour Memorandum of Cooperation) avec l\u2019Alliance des organisations de la soci\u00e9t\u00e9 civile (OSC) ukrainiennes, marquant une \u00e9tape cl\u00e9 dans le renforcement de la protection et du soutien aux travailleurs humanitaires de premi\u00e8re ligne en Ukraine. Fond\u00e9 sur l\u2019\u00e9galit\u00e9 et le respect mutuel, ce partenariat refl\u00e8te un&#8230;<\/p>\n","protected":false},"author":5,"featured_media":1474,"comment_status":"closed","ping_status":"closed","sticky":false,"template":"","format":"standard","meta":{"_acf_changed":false,"_kad_blocks_custom_css":"","_kad_blocks_head_custom_js":"","_kad_blocks_body_custom_js":"","_kad_blocks_footer_custom_js":"","_kad_post_transparent":"default","_kad_post_title":"default","_kad_post_layout":"default","_kad_post_sidebar_id":"","_kad_post_content_style":"default","_kad_post_vertical_padding":"default","_kad_post_feature":"","_kad_post_feature_position":"","_kad_post_header":false,"_kad_post_footer":false,"_kad_post_classname":"","iawp_total_views":61,"footnotes":""},"categories":[11],"tags":[],"class_list":["post-1476","post","type-post","status-publish","format-standard","has-post-thumbnail","hentry","category-non-classifiee"],"acf":[],"yoast_head":"<!-- This site is optimized with the Yoast SEO plugin v27.4 - https:\/\/yoast.com\/product\/yoast-seo-wordpress\/ -->\n<title>Protect Humanitarians signe un protocole de coop\u00e9ration avec l\u2019Alliance des organisations de la soci\u00e9t\u00e9 civile ukrainienne - Protect Humanitarians<\/title>\n<meta name=\"robots\" content=\"index, follow, max-snippet:-1, max-image-preview:large, max-video-preview:-1\" \/>\n<link rel=\"canonical\" href=\"https:\/\/protecthumanitarians.org\/fr\/protect-humanitarians-signe-un-protocole-de-cooperation-avec-lalliance-des-organisations-de-la-societe-civile-ukrainienne\/\" \/>\n<meta property=\"og:locale\" content=\"fr_FR\" \/>\n<meta property=\"og:type\" content=\"article\" \/>\n<meta property=\"og:title\" content=\"Protect Humanitarians signe un protocole de coop\u00e9ration avec l\u2019Alliance des organisations de la soci\u00e9t\u00e9 civile ukrainienne - Protect Humanitarians\" \/>\n<meta property=\"og:description\" content=\"Protect Humanitarians a sign\u00e9 un protocole de coop\u00e9ration (MoC, pour Memorandum of Cooperation) avec l\u2019Alliance des organisations de la soci\u00e9t\u00e9 civile (OSC) ukrainiennes, marquant une \u00e9tape cl\u00e9 dans le renforcement de la protection et du soutien aux travailleurs humanitaires de premi\u00e8re ligne en Ukraine. Fond\u00e9 sur l\u2019\u00e9galit\u00e9 et le respect mutuel, ce partenariat refl\u00e8te un...\" \/>\n<meta property=\"og:url\" content=\"https:\/\/protecthumanitarians.org\/fr\/protect-humanitarians-signe-un-protocole-de-cooperation-avec-lalliance-des-organisations-de-la-societe-civile-ukrainienne\/\" \/>\n<meta property=\"og:site_name\" content=\"Protect Humanitarians\" \/>\n<meta property=\"article:publisher\" content=\"https:\/\/www.facebook.com\/ProtectHumanitarians\" \/>\n<meta property=\"article:published_time\" content=\"2025-05-12T15:21:04+00:00\" \/>\n<meta property=\"article:modified_time\" content=\"2025-05-12T15:33:00+00:00\" \/>\n<meta property=\"og:image\" content=\"https:\/\/protecthumanitarians.org\/wp-content\/uploads\/2025\/05\/MilaOV-scaled.jpg\" \/>\n\t<meta property=\"og:image:width\" content=\"2560\" \/>\n\t<meta property=\"og:image:height\" content=\"1707\" \/>\n\t<meta property=\"og:image:type\" content=\"image\/jpeg\" \/>\n<meta name=\"author\" content=\"Sara\" \/>\n<meta name=\"twitter:card\" content=\"summary_large_image\" \/>\n<meta name=\"twitter:creator\" content=\"@P_Humanitarians\" \/>\n<meta name=\"twitter:site\" content=\"@P_Humanitarians\" \/>\n<meta name=\"twitter:label1\" content=\"\u00c9crit par\" \/>\n\t<meta name=\"twitter:data1\" content=\"Sara\" \/>\n\t<meta name=\"twitter:label2\" content=\"Dur\u00e9e de lecture estim\u00e9e\" \/>\n\t<meta name=\"twitter:data2\" content=\"4 minutes\" \/>\n<script type=\"application\/ld+json\" class=\"yoast-schema-graph\">{\"@context\":\"https:\\\/\\\/schema.org\",\"@graph\":[{\"@type\":\"Article\",\"@id\":\"https:\\\/\\\/protecthumanitarians.org\\\/fr\\\/protect-humanitarians-signe-un-protocole-de-cooperation-avec-lalliance-des-organisations-de-la-societe-civile-ukrainienne\\\/#article\",\"isPartOf\":{\"@id\":\"https:\\\/\\\/protecthumanitarians.org\\\/fr\\\/protect-humanitarians-signe-un-protocole-de-cooperation-avec-lalliance-des-organisations-de-la-societe-civile-ukrainienne\\\/\"},\"author\":{\"name\":\"Sara\",\"@id\":\"https:\\\/\\\/protecthumanitarians.org\\\/fr\\\/#\\\/schema\\\/person\\\/a432e69b97072e362d3845938331f722\"},\"headline\":\"Protect Humanitarians signe un protocole de coop\u00e9ration avec l\u2019Alliance des organisations de la soci\u00e9t\u00e9 civile ukrainienne\",\"datePublished\":\"2025-05-12T15:21:04+00:00\",\"dateModified\":\"2025-05-12T15:33:00+00:00\",\"mainEntityOfPage\":{\"@id\":\"https:\\\/\\\/protecthumanitarians.org\\\/fr\\\/protect-humanitarians-signe-un-protocole-de-cooperation-avec-lalliance-des-organisations-de-la-societe-civile-ukrainienne\\\/\"},\"wordCount\":691,\"publisher\":{\"@id\":\"https:\\\/\\\/protecthumanitarians.org\\\/fr\\\/#organization\"},\"image\":{\"@id\":\"https:\\\/\\\/protecthumanitarians.org\\\/fr\\\/protect-humanitarians-signe-un-protocole-de-cooperation-avec-lalliance-des-organisations-de-la-societe-civile-ukrainienne\\\/#primaryimage\"},\"thumbnailUrl\":\"https:\\\/\\\/protecthumanitarians.org\\\/wp-content\\\/uploads\\\/2025\\\/05\\\/MilaOV-scaled.jpg\",\"articleSection\":[\"Non classifi\u00e9(e)\"],\"inLanguage\":\"fr-FR\"},{\"@type\":\"WebPage\",\"@id\":\"https:\\\/\\\/protecthumanitarians.org\\\/fr\\\/protect-humanitarians-signe-un-protocole-de-cooperation-avec-lalliance-des-organisations-de-la-societe-civile-ukrainienne\\\/\",\"url\":\"https:\\\/\\\/protecthumanitarians.org\\\/fr\\\/protect-humanitarians-signe-un-protocole-de-cooperation-avec-lalliance-des-organisations-de-la-societe-civile-ukrainienne\\\/\",\"name\":\"Protect Humanitarians signe un protocole de coop\u00e9ration avec l\u2019Alliance des organisations de la soci\u00e9t\u00e9 civile ukrainienne - Protect Humanitarians\",\"isPartOf\":{\"@id\":\"https:\\\/\\\/protecthumanitarians.org\\\/fr\\\/#website\"},\"primaryImageOfPage\":{\"@id\":\"https:\\\/\\\/protecthumanitarians.org\\\/fr\\\/protect-humanitarians-signe-un-protocole-de-cooperation-avec-lalliance-des-organisations-de-la-societe-civile-ukrainienne\\\/#primaryimage\"},\"image\":{\"@id\":\"https:\\\/\\\/protecthumanitarians.org\\\/fr\\\/protect-humanitarians-signe-un-protocole-de-cooperation-avec-lalliance-des-organisations-de-la-societe-civile-ukrainienne\\\/#primaryimage\"},\"thumbnailUrl\":\"https:\\\/\\\/protecthumanitarians.org\\\/wp-content\\\/uploads\\\/2025\\\/05\\\/MilaOV-scaled.jpg\",\"datePublished\":\"2025-05-12T15:21:04+00:00\",\"dateModified\":\"2025-05-12T15:33:00+00:00\",\"breadcrumb\":{\"@id\":\"https:\\\/\\\/protecthumanitarians.org\\\/fr\\\/protect-humanitarians-signe-un-protocole-de-cooperation-avec-lalliance-des-organisations-de-la-societe-civile-ukrainienne\\\/#breadcrumb\"},\"inLanguage\":\"fr-FR\",\"potentialAction\":[{\"@type\":\"ReadAction\",\"target\":[\"https:\\\/\\\/protecthumanitarians.org\\\/fr\\\/protect-humanitarians-signe-un-protocole-de-cooperation-avec-lalliance-des-organisations-de-la-societe-civile-ukrainienne\\\/\"]}]},{\"@type\":\"ImageObject\",\"inLanguage\":\"fr-FR\",\"@id\":\"https:\\\/\\\/protecthumanitarians.org\\\/fr\\\/protect-humanitarians-signe-un-protocole-de-cooperation-avec-lalliance-des-organisations-de-la-societe-civile-ukrainienne\\\/#primaryimage\",\"url\":\"https:\\\/\\\/protecthumanitarians.org\\\/wp-content\\\/uploads\\\/2025\\\/05\\\/MilaOV-scaled.jpg\",\"contentUrl\":\"https:\\\/\\\/protecthumanitarians.org\\\/wp-content\\\/uploads\\\/2025\\\/05\\\/MilaOV-scaled.jpg\",\"width\":2560,\"height\":1707},{\"@type\":\"BreadcrumbList\",\"@id\":\"https:\\\/\\\/protecthumanitarians.org\\\/fr\\\/protect-humanitarians-signe-un-protocole-de-cooperation-avec-lalliance-des-organisations-de-la-societe-civile-ukrainienne\\\/#breadcrumb\",\"itemListElement\":[{\"@type\":\"ListItem\",\"position\":1,\"name\":\"Accueil\",\"item\":\"https:\\\/\\\/protecthumanitarians.org\\\/fr\\\/\"},{\"@type\":\"ListItem\",\"position\":2,\"name\":\"Protect Humanitarians signe un protocole de coop\u00e9ration avec l\u2019Alliance des organisations de la soci\u00e9t\u00e9 civile ukrainienne\"}]},{\"@type\":\"WebSite\",\"@id\":\"https:\\\/\\\/protecthumanitarians.org\\\/fr\\\/#website\",\"url\":\"https:\\\/\\\/protecthumanitarians.org\\\/fr\\\/\",\"name\":\"Protect Humanitarians\",\"description\":\"\",\"publisher\":{\"@id\":\"https:\\\/\\\/protecthumanitarians.org\\\/fr\\\/#organization\"},\"potentialAction\":[{\"@type\":\"SearchAction\",\"target\":{\"@type\":\"EntryPoint\",\"urlTemplate\":\"https:\\\/\\\/protecthumanitarians.org\\\/fr\\\/?s={search_term_string}\"},\"query-input\":{\"@type\":\"PropertyValueSpecification\",\"valueRequired\":true,\"valueName\":\"search_term_string\"}}],\"inLanguage\":\"fr-FR\"},{\"@type\":\"Organization\",\"@id\":\"https:\\\/\\\/protecthumanitarians.org\\\/fr\\\/#organization\",\"name\":\"Protect Humanitarians\",\"url\":\"https:\\\/\\\/protecthumanitarians.org\\\/fr\\\/\",\"logo\":{\"@type\":\"ImageObject\",\"inLanguage\":\"fr-FR\",\"@id\":\"https:\\\/\\\/protecthumanitarians.org\\\/fr\\\/#\\\/schema\\\/logo\\\/image\\\/\",\"url\":\"https:\\\/\\\/protecthumanitarians.org\\\/wp-content\\\/uploads\\\/2024\\\/03\\\/cropped-BOlivier-Website-Icon.png\",\"contentUrl\":\"https:\\\/\\\/protecthumanitarians.org\\\/wp-content\\\/uploads\\\/2024\\\/03\\\/cropped-BOlivier-Website-Icon.png\",\"width\":512,\"height\":512,\"caption\":\"Protect Humanitarians\"},\"image\":{\"@id\":\"https:\\\/\\\/protecthumanitarians.org\\\/fr\\\/#\\\/schema\\\/logo\\\/image\\\/\"},\"sameAs\":[\"https:\\\/\\\/www.facebook.com\\\/ProtectHumanitarians\",\"https:\\\/\\\/x.com\\\/P_Humanitarians\",\"https:\\\/\\\/www.linkedin.com\\\/company\\\/protect-humanitarians\\\/\",\"https:\\\/\\\/www.instagram.com\\\/protecthumanitarians\\\/\"]},{\"@type\":\"Person\",\"@id\":\"https:\\\/\\\/protecthumanitarians.org\\\/fr\\\/#\\\/schema\\\/person\\\/a432e69b97072e362d3845938331f722\",\"name\":\"Sara\",\"image\":{\"@type\":\"ImageObject\",\"inLanguage\":\"fr-FR\",\"@id\":\"https:\\\/\\\/secure.gravatar.com\\\/avatar\\\/4c6fe94aa63ded1c83fe66eb36cd1d537161c7d518dd37b0202769049960b5bd?s=96&d=mm&r=g\",\"url\":\"https:\\\/\\\/secure.gravatar.com\\\/avatar\\\/4c6fe94aa63ded1c83fe66eb36cd1d537161c7d518dd37b0202769049960b5bd?s=96&d=mm&r=g\",\"contentUrl\":\"https:\\\/\\\/secure.gravatar.com\\\/avatar\\\/4c6fe94aa63ded1c83fe66eb36cd1d537161c7d518dd37b0202769049960b5bd?s=96&d=mm&r=g\",\"caption\":\"Sara\"},\"url\":\"https:\\\/\\\/protecthumanitarians.org\\\/fr\\\/author\\\/sara\\\/\"}]}<\/script>\n<!-- \/ Yoast SEO plugin. -->","yoast_head_json":{"title":"Protect Humanitarians signe un protocole de coop\u00e9ration avec l\u2019Alliance des organisations de la soci\u00e9t\u00e9 civile ukrainienne - Protect Humanitarians","robots":{"index":"index","follow":"follow","max-snippet":"max-snippet:-1","max-image-preview":"max-image-preview:large","max-video-preview":"max-video-preview:-1"},"canonical":"https:\/\/protecthumanitarians.org\/fr\/protect-humanitarians-signe-un-protocole-de-cooperation-avec-lalliance-des-organisations-de-la-societe-civile-ukrainienne\/","og_locale":"fr_FR","og_type":"article","og_title":"Protect Humanitarians signe un protocole de coop\u00e9ration avec l\u2019Alliance des organisations de la soci\u00e9t\u00e9 civile ukrainienne - Protect Humanitarians","og_description":"Protect Humanitarians a sign\u00e9 un protocole de coop\u00e9ration (MoC, pour Memorandum of Cooperation) avec l\u2019Alliance des organisations de la soci\u00e9t\u00e9 civile (OSC) ukrainiennes, marquant une \u00e9tape cl\u00e9 dans le renforcement de la protection et du soutien aux travailleurs humanitaires de premi\u00e8re ligne en Ukraine. Fond\u00e9 sur l\u2019\u00e9galit\u00e9 et le respect mutuel, ce partenariat refl\u00e8te un...","og_url":"https:\/\/protecthumanitarians.org\/fr\/protect-humanitarians-signe-un-protocole-de-cooperation-avec-lalliance-des-organisations-de-la-societe-civile-ukrainienne\/","og_site_name":"Protect Humanitarians","article_publisher":"https:\/\/www.facebook.com\/ProtectHumanitarians","article_published_time":"2025-05-12T15:21:04+00:00","article_modified_time":"2025-05-12T15:33:00+00:00","og_image":[{"width":2560,"height":1707,"url":"https:\/\/protecthumanitarians.org\/wp-content\/uploads\/2025\/05\/MilaOV-scaled.jpg","type":"image\/jpeg"}],"author":"Sara","twitter_card":"summary_large_image","twitter_creator":"@P_Humanitarians","twitter_site":"@P_Humanitarians","twitter_misc":{"\u00c9crit par":"Sara","Dur\u00e9e de lecture estim\u00e9e":"4 minutes"},"schema":{"@context":"https:\/\/schema.org","@graph":[{"@type":"Article","@id":"https:\/\/protecthumanitarians.org\/fr\/protect-humanitarians-signe-un-protocole-de-cooperation-avec-lalliance-des-organisations-de-la-societe-civile-ukrainienne\/#article","isPartOf":{"@id":"https:\/\/protecthumanitarians.org\/fr\/protect-humanitarians-signe-un-protocole-de-cooperation-avec-lalliance-des-organisations-de-la-societe-civile-ukrainienne\/"},"author":{"name":"Sara","@id":"https:\/\/protecthumanitarians.org\/fr\/#\/schema\/person\/a432e69b97072e362d3845938331f722"},"headline":"Protect Humanitarians signe un protocole de coop\u00e9ration avec l\u2019Alliance des organisations de la soci\u00e9t\u00e9 civile ukrainienne","datePublished":"2025-05-12T15:21:04+00:00","dateModified":"2025-05-12T15:33:00+00:00","mainEntityOfPage":{"@id":"https:\/\/protecthumanitarians.org\/fr\/protect-humanitarians-signe-un-protocole-de-cooperation-avec-lalliance-des-organisations-de-la-societe-civile-ukrainienne\/"},"wordCount":691,"publisher":{"@id":"https:\/\/protecthumanitarians.org\/fr\/#organization"},"image":{"@id":"https:\/\/protecthumanitarians.org\/fr\/protect-humanitarians-signe-un-protocole-de-cooperation-avec-lalliance-des-organisations-de-la-societe-civile-ukrainienne\/#primaryimage"},"thumbnailUrl":"https:\/\/protecthumanitarians.org\/wp-content\/uploads\/2025\/05\/MilaOV-scaled.jpg","articleSection":["Non classifi\u00e9(e)"],"inLanguage":"fr-FR"},{"@type":"WebPage","@id":"https:\/\/protecthumanitarians.org\/fr\/protect-humanitarians-signe-un-protocole-de-cooperation-avec-lalliance-des-organisations-de-la-societe-civile-ukrainienne\/","url":"https:\/\/protecthumanitarians.org\/fr\/protect-humanitarians-signe-un-protocole-de-cooperation-avec-lalliance-des-organisations-de-la-societe-civile-ukrainienne\/","name":"Protect Humanitarians signe un protocole de coop\u00e9ration avec l\u2019Alliance des organisations de la soci\u00e9t\u00e9 civile ukrainienne - Protect Humanitarians","isPartOf":{"@id":"https:\/\/protecthumanitarians.org\/fr\/#website"},"primaryImageOfPage":{"@id":"https:\/\/protecthumanitarians.org\/fr\/protect-humanitarians-signe-un-protocole-de-cooperation-avec-lalliance-des-organisations-de-la-societe-civile-ukrainienne\/#primaryimage"},"image":{"@id":"https:\/\/protecthumanitarians.org\/fr\/protect-humanitarians-signe-un-protocole-de-cooperation-avec-lalliance-des-organisations-de-la-societe-civile-ukrainienne\/#primaryimage"},"thumbnailUrl":"https:\/\/protecthumanitarians.org\/wp-content\/uploads\/2025\/05\/MilaOV-scaled.jpg","datePublished":"2025-05-12T15:21:04+00:00","dateModified":"2025-05-12T15:33:00+00:00","breadcrumb":{"@id":"https:\/\/protecthumanitarians.org\/fr\/protect-humanitarians-signe-un-protocole-de-cooperation-avec-lalliance-des-organisations-de-la-societe-civile-ukrainienne\/#breadcrumb"},"inLanguage":"fr-FR","potentialAction":[{"@type":"ReadAction","target":["https:\/\/protecthumanitarians.org\/fr\/protect-humanitarians-signe-un-protocole-de-cooperation-avec-lalliance-des-organisations-de-la-societe-civile-ukrainienne\/"]}]},{"@type":"ImageObject","inLanguage":"fr-FR","@id":"https:\/\/protecthumanitarians.org\/fr\/protect-humanitarians-signe-un-protocole-de-cooperation-avec-lalliance-des-organisations-de-la-societe-civile-ukrainienne\/#primaryimage","url":"https:\/\/protecthumanitarians.org\/wp-content\/uploads\/2025\/05\/MilaOV-scaled.jpg","contentUrl":"https:\/\/protecthumanitarians.org\/wp-content\/uploads\/2025\/05\/MilaOV-scaled.jpg","width":2560,"height":1707},{"@type":"BreadcrumbList","@id":"https:\/\/protecthumanitarians.org\/fr\/protect-humanitarians-signe-un-protocole-de-cooperation-avec-lalliance-des-organisations-de-la-societe-civile-ukrainienne\/#breadcrumb","itemListElement":[{"@type":"ListItem","position":1,"name":"Accueil","item":"https:\/\/protecthumanitarians.org\/fr\/"},{"@type":"ListItem","position":2,"name":"Protect Humanitarians signe un protocole de coop\u00e9ration avec l\u2019Alliance des organisations de la soci\u00e9t\u00e9 civile ukrainienne"}]},{"@type":"WebSite","@id":"https:\/\/protecthumanitarians.org\/fr\/#website","url":"https:\/\/protecthumanitarians.org\/fr\/","name":"Protect Humanitarians","description":"","publisher":{"@id":"https:\/\/protecthumanitarians.org\/fr\/#organization"},"potentialAction":[{"@type":"SearchAction","target":{"@type":"EntryPoint","urlTemplate":"https:\/\/protecthumanitarians.org\/fr\/?s={search_term_string}"},"query-input":{"@type":"PropertyValueSpecification","valueRequired":true,"valueName":"search_term_string"}}],"inLanguage":"fr-FR"},{"@type":"Organization","@id":"https:\/\/protecthumanitarians.org\/fr\/#organization","name":"Protect Humanitarians","url":"https:\/\/protecthumanitarians.org\/fr\/","logo":{"@type":"ImageObject","inLanguage":"fr-FR","@id":"https:\/\/protecthumanitarians.org\/fr\/#\/schema\/logo\/image\/","url":"https:\/\/protecthumanitarians.org\/wp-content\/uploads\/2024\/03\/cropped-BOlivier-Website-Icon.png","contentUrl":"https:\/\/protecthumanitarians.org\/wp-content\/uploads\/2024\/03\/cropped-BOlivier-Website-Icon.png","width":512,"height":512,"caption":"Protect Humanitarians"},"image":{"@id":"https:\/\/protecthumanitarians.org\/fr\/#\/schema\/logo\/image\/"},"sameAs":["https:\/\/www.facebook.com\/ProtectHumanitarians","https:\/\/x.com\/P_Humanitarians","https:\/\/www.linkedin.com\/company\/protect-humanitarians\/","https:\/\/www.instagram.com\/protecthumanitarians\/"]},{"@type":"Person","@id":"https:\/\/protecthumanitarians.org\/fr\/#\/schema\/person\/a432e69b97072e362d3845938331f722","name":"Sara","image":{"@type":"ImageObject","inLanguage":"fr-FR","@id":"https:\/\/secure.gravatar.com\/avatar\/4c6fe94aa63ded1c83fe66eb36cd1d537161c7d518dd37b0202769049960b5bd?s=96&d=mm&r=g","url":"https:\/\/secure.gravatar.com\/avatar\/4c6fe94aa63ded1c83fe66eb36cd1d537161c7d518dd37b0202769049960b5bd?s=96&d=mm&r=g","contentUrl":"https:\/\/secure.gravatar.com\/avatar\/4c6fe94aa63ded1c83fe66eb36cd1d537161c7d518dd37b0202769049960b5bd?s=96&d=mm&r=g","caption":"Sara"},"url":"https:\/\/protecthumanitarians.org\/fr\/author\/sara\/"}]}},"taxonomy_info":{"category":[{"value":11,"label":"Non classifi\u00e9(e)"}]},"featured_image_src_large":["https:\/\/protecthumanitarians.org\/wp-content\/uploads\/2025\/05\/MilaOV-1024x683.jpg",1000,667,true],"author_info":{"display_name":"Sara","author_link":"https:\/\/protecthumanitarians.org\/fr\/author\/sara\/"},"comment_info":0,"category_info":[{"term_id":11,"name":"Non classifi\u00e9(e)","slug":"non-classifiee","term_group":0,"term_taxonomy_id":11,"taxonomy":"category","description":"","parent":0,"count":7,"filter":"raw","term_order":"0","cat_ID":11,"category_count":7,"category_description":"","cat_name":"Non classifi\u00e9(e)","category_nicename":"non-classifiee","category_parent":0}],"tag_info":false,"_links":{"self":[{"href":"https:\/\/protecthumanitarians.org\/fr\/wp-json\/wp\/v2\/posts\/1476","targetHints":{"allow":["GET"]}}],"collection":[{"href":"https:\/\/protecthumanitarians.org\/fr\/wp-json\/wp\/v2\/posts"}],"about":[{"href":"https:\/\/protecthumanitarians.org\/fr\/wp-json\/wp\/v2\/types\/post"}],"author":[{"embeddable":true,"href":"https:\/\/protecthumanitarians.org\/fr\/wp-json\/wp\/v2\/users\/5"}],"replies":[{"embeddable":true,"href":"https:\/\/protecthumanitarians.org\/fr\/wp-json\/wp\/v2\/comments?post=1476"}],"version-history":[{"count":10,"href":"https:\/\/protecthumanitarians.org\/fr\/wp-json\/wp\/v2\/posts\/1476\/revisions"}],"predecessor-version":[{"id":1542,"href":"https:\/\/protecthumanitarians.org\/fr\/wp-json\/wp\/v2\/posts\/1476\/revisions\/1542"}],"wp:featuredmedia":[{"embeddable":true,"href":"https:\/\/protecthumanitarians.org\/fr\/wp-json\/wp\/v2\/media\/1474"}],"wp:attachment":[{"href":"https:\/\/protecthumanitarians.org\/fr\/wp-json\/wp\/v2\/media?parent=1476"}],"wp:term":[{"taxonomy":"category","embeddable":true,"href":"https:\/\/protecthumanitarians.org\/fr\/wp-json\/wp\/v2\/categories?post=1476"},{"taxonomy":"post_tag","embeddable":true,"href":"https:\/\/protecthumanitarians.org\/fr\/wp-json\/wp\/v2\/tags?post=1476"}],"curies":[{"name":"wp","href":"https:\/\/api.w.org\/{rel}","templated":true}]}}